{"id":10947,"date":"2025-01-08T16:46:29","date_gmt":"2025-01-08T16:46:29","guid":{"rendered":"https:\/\/www.dreamplaces.pt\/blog\/?p=10947"},"modified":"2025-11-24T12:50:41","modified_gmt":"2025-11-24T12:50:41","slug":"le-cowboy-bien-plus-qu-une-figure-legendaire-du-far-west","status":"publish","type":"post","link":"https:\/\/www.dreamplaces.pt\/blog\/le-cowboy-bien-plus-qu-une-figure-legendaire-du-far-west\/","title":{"rendered":"Le cowboy : bien plus qu\u2019une figure l\u00e9gendaire du Far West"},"content":{"rendered":"<h2>Origine culturelle am\u00e9ricaine : mythe et r\u00e9alit\u00e9<\/h2>\n<p>Le cowboy incarne une figure profond\u00e9ment ancr\u00e9e dans l\u2019imaginaire am\u00e9ricain, n\u00e9e \u00e0 la crois\u00e9e des r\u00e9alit\u00e9s du Far West et des mythes forg\u00e9s par la litt\u00e9rature et le cin\u00e9ma. Alors que la r\u00e9alit\u00e9 du cowboy \u00e9tait marqu\u00e9e par une vie rude \u2013 travail du cheval, entretien des ranchs, et adaptation \u00e0 des territoires vastes et hostiles \u2013 son image s\u2019est rapidement transform\u00e9e en symbole culturel, bien plus qu\u2019une simple profession. En France, o\u00f9 le Far West a longtemps fascin\u00e9 \u00e0 travers les romans de Zane Grey ou les westerns hollywoodiens, cette figure r\u00e9sonne comme celle d\u2019un survivant, d\u2019un homme en harmonie avec un environnement implacable. Comme les personnages de *Lone Star* ou *Un homme nomm\u00e9 Horse*, le cowboy illustre une **libert\u00e9 forg\u00e9e par la n\u00e9cessit\u00e9**.<\/p>\n<h3>Le cowboy, symbole d\u2019adaptation dans un environnement hostile<\/h3>\n<p>Face aux plaines arides du Texas, \u00e0 l\u2019intense chaleur diurne et aux nuits glaciales, la survie exigeait agilit\u00e9, endurance et une compr\u00e9hension fine des signaux naturels. Le cowboy, v\u00eatu de bottes robustes et de chemises de coloris vif \u2013 souvent rouge-orange \u2013, n\u2019\u00e9tait pas seulement un travailleur, mais un **ma\u00eetre du contraste**. Cette couleur, loin d\u2019\u00eatre arbitraire, s\u2019inscrivait dans une logique fonctionnelle : elle brisait l\u2019homog\u00e9n\u00e9it\u00e9 des paysages d\u00e9sertiques, facilitant la d\u00e9tection dans un environnement sans rep\u00e8res, mais aussi affirmait une pr\u00e9sence dans un monde d\u00e9pourvu de rep\u00e8res fixes. En France, o\u00f9 les paysages peuvent aussi varier radicalement \u2013 de la lande bretonne aux coteaux tarnais \u2013 cette adaptation vestimentaire rappelle que la couleur n\u2019est jamais neutre : elle est **strat\u00e9gique**.<\/p>\n<h2>La couleur rouge-orange du sol am\u00e9ricain : un reflet du climat et de la lumi\u00e8re<\/h2>\n<p>Le rouge-orange du sol am\u00e9ricain n\u2019est pas qu\u2019une simple particularit\u00e9 visuelle : il est le r\u00e9sultat d\u2019une g\u00e9ologie singuli\u00e8re. Les d\u00e9p\u00f4ts riches en oxydes de fer, combin\u00e9s \u00e0 l\u2019\u00e9rosion intense sous un climat aux fortes diff\u00e9rences thermiques (parfois sup\u00e9rieure \u00e0 10\u00b0C entre couches d\u2019air), fa\u00e7onnent des terres qui brillent sous le soleil comme des tapisseries naturelles. Cet effet est amplifi\u00e9 par les mirages, caus\u00e9s par la r\u00e9fraction de la lumi\u00e8re dans des couches d\u2019air chaud et froid, cr\u00e9ant des contrastes saisissants entre le sol et le ciel. En France, on retrouve une intensit\u00e9 similaire lors des couchers de soleil sur les plaines du sud, mais ici, le rouge-orange du Far West est plus **marqu\u00e9, plus pur**, amplifi\u00e9 par l\u2019aridit\u00e9 et l\u2019immensit\u00e9. L\u2019analogie avec les vastes \u00e9tendues du Texas \u00e9voque une palette chromatique unique, charg\u00e9e d\u2019une intensit\u00e9 \u00e9motionnelle forte.<\/p>\n<table style=\"text-align: center; border-collapse: collapse; margin: 2rem 0;\">\n<tr>\n<th scope=\"col\">Facteurs g\u00e9ologiques et climatiques<\/th>\n<td>Oxydes de fer, d\u00e9p\u00f4ts alluviaux, diff\u00e9rences thermiques &gt;10\u00b0C, mirages fr\u00e9quents<\/td>\n<\/tr>\n<tr>\n<th scope=\"col\">Effet visuel<\/th>\n<td>Contrastes intenses, brillance naturelle, couleurs satur\u00e9es sous lumi\u00e8re forte<\/td>\n<\/tr>\n<tr>\n<th scope=\"col\">Comparaison avec la France<\/th>\n<td>Couchers de soleil similaires dans le sud de la France, mais teints d\u2019une chaleur plus douce et moins contrast\u00e9e<\/td>\n<\/tr>\n<\/table>\n<h2>Le temps de r\u00e9action d\u2019un revolver : une performance technique \u00e0 l\u2019image du cowboy<\/h2>\n<p>La rapidit\u00e9 d\u2019un tir au revolver, document\u00e9e scientifiquement \u00e0 **2,99 secondes** en moyenne, illustre une performance technique remarquable. Cette vitesse, cruciale dans des situations impr\u00e9visibles, traduit l\u2019entra\u00eenement constant et la ma\u00eetrise instinctive du mat\u00e9riel. En France, o\u00f9 des syst\u00e8mes similaires sont valoris\u00e9s \u2013 comme ceux du Pony Express, qui reliait les villes \u00e0 16 km\/h dans un contexte o\u00f9 chaque seconde comptait \u2013 le cowboy incarne une **performance humaine pouss\u00e9e \u00e0 l\u2019extr\u00eame**. Ce temps de r\u00e9action n\u2019est pas qu\u2019un chiffre : c\u2019est le symbole d\u2019une culture o\u00f9 la pr\u00e9cision et la rapidit\u00e9 sont des valeurs essentielles, m\u00eame enhors de l\u2019Ouest am\u00e9ricain.<\/p>\n<h2>Le cowboy et l\u2019art du camouflage naturel : le rouge-orange comme langage visuel<\/h2>\n<p>Le v\u00eatement rouge-orange du cowboy ne se limite pas \u00e0 une esth\u00e9tique marquante : c\u2019est une forme de **communication visuelle subtile**. Dans un environnement aride o\u00f9 les rep\u00e8res naturels sont rares, cette couleur intense signale la pr\u00e9sence, une forme de reconnaissance silencieuse. En France, le rouge a toujours charg\u00e9 d\u2019\u00e9motions fortes \u2013 du sang aux drapeaux \u2013 et son usage strat\u00e9gique dans le costume du cowboy rappelle que **la couleur est un langage universel**, compris m\u00eame sans mot. Lien avec les motifs textiles traditionnels \u2013 comme les \u00e9toffes berb\u00e8res ou les \u00e9toffes de Provence \u2013 montre que cette palette s\u2019inscrit dans une longue histoire artistique o\u00f9 le rouge symbolise la force, la chaleur et la survie.<\/p>\n<h2>Le Far West et l\u2019imaginaire collectif : comment un paysage fa\u00e7onne une identit\u00e9<\/h2>\n<p>Le cowboy, bien plus qu\u2019un arch\u00e9type, est devenu un **mythe fondateur** de l\u2019identit\u00e9 am\u00e9ricaine, diffus\u00e9 mondialement par la litt\u00e9rature, le cin\u00e9ma et la culture populaire. En France, o\u00f9 l\u2019Ouest est \u00e0 la fois exotique et symbolique \u2013 des romans de Jules Verne aux films de Sergio Leone \u2013 cette figure incarne un id\u00e9al de libert\u00e9, d\u2019ind\u00e9pendance et de confrontation au grandiose. Le rouge-orange du sol am\u00e9ricain, tel un tableau vivant, parle \u00e0 notre imaginaire collectif en unissant nature brute, histoire humaine et myst\u00e8re. Comme un paysage peint par Turner ou Constable, il captive par sa lumi\u00e8re et ses contrastes, invitant \u00e0 la r\u00e9flexion sur ce que signifie vraiment vivre \u00e0 la fronti\u00e8re du monde.<\/p>\n<p><strong>Le cowboy n\u2019est donc pas seulement une figure du pass\u00e9 : c\u2019est un langage visuel et culturel dont les codes trouvent un \u00e9cho profond en France, o\u00f9 l\u2019histoire, la nature et le symbolisme convergent pour alimenter notre imaginaire.<\/strong><\/p>\n<p><em>\u00ab Le rouge du sol n\u2019est pas seulement une couleur \u2014 c\u2019est la trace d\u2019un climat, d\u2019un travail, d\u2019un regard sur le monde. \u00bb<\/em><\/p>\n<h2>Lien vers la riche symbolique du cowboy : <a href=\"https:\/\/le-cowboy-machine-a-sous.fr\" rel=\"noopener\" style=\"color: #2c3e50; text-decoration: none;\" target=\"_blank\">Le Cowboy: communication<\/a><\/h2>\n<table style=\"width: 100%; border-collapse: collapse; margin: 1.5rem 0;\">\n<tr>\n<th scope=\"col\">Points cl\u00e9s<\/th>\n<td>Symbolisme de libert\u00e9 et d\u2019adaptation, couleur li\u00e9e au climat et au sol am\u00e9ricain, temps de r\u00e9action record au revolver, langage vestimentaire puissant, mythe culturel mondial<\/td>\n<\/tr>\n<tr>\n<th scope=\"col\">Facteurs g\u00e9ologiques<\/th>\n<td>Oxydes de fer, d\u00e9p\u00f4ts min\u00e9raux, mirages dus \u00e0 fortes diff\u00e9rences thermiques (&gt;10\u00b0C)<\/td>\n<\/tr>\n<tr>\n<th scope=\"col\">Temps de r\u00e9action<\/th>\n<td>2,99 secondes document\u00e9es, symbole de rapidit\u00e9 d\u00e9cisionnelle<\/td>\n<\/tr>\n<tr>\n<th scope=\"col\">R\u00e9sonance culturelle<\/th>\n<td>Influence dans la litt\u00e9rature, cin\u00e9ma, culture populaire ; lien avec le rouge symbolique fran\u00e7ais<\/td>\n<\/tr>\n<\/table>\n","protected":false},"excerpt":{"rendered":"<p>Origine culturelle am\u00e9ricaine : mythe et r\u00e9alit\u00e9 Le cowboy incarne une figure profond\u00e9ment ancr\u00e9e dans l\u2019imaginaire am\u00e9ricain, n\u00e9e \u00e0 la&#8230;<\/p>\n","protected":false},"author":2,"featured_media":0,"comment_status":"open","ping_status":"closed","sticky":false,"template":"","format":"standard","meta":{"footnotes":""},"categories":[1],"tags":[],"class_list":["post-10947","post","type-post","status-publish","format-standard","hentry","category-sem-categoria"],"yoast_head":"<!-- This site is optimized with the Yoast SEO plugin v27.5 - https:\/\/yoast.com\/product\/yoast-seo-wordpress\/ -->\n<title>Le cowboy : bien plus qu\u2019une figure l\u00e9gendaire du Far West - Blog<\/title>\n<meta name=\"robots\" content=\"index, follow, max-snippet:-1, max-image-preview:large, max-video-preview:-1\" \/>\n<link rel=\"canonical\" href=\"https:\/\/www.dreamplaces.pt\/blog\/le-cowboy-bien-plus-qu-une-figure-legendaire-du-far-west\/\" \/>\n<meta property=\"og:locale\" content=\"pt_PT\" \/>\n<meta property=\"og:type\" content=\"article\" \/>\n<meta property=\"og:title\" content=\"Le cowboy : bien plus qu\u2019une figure l\u00e9gendaire du Far West - Blog\" \/>\n<meta property=\"og:description\" content=\"Origine culturelle am\u00e9ricaine : mythe et r\u00e9alit\u00e9 Le cowboy incarne une figure profond\u00e9ment ancr\u00e9e dans l\u2019imaginaire am\u00e9ricain, n\u00e9e \u00e0 la...\" \/>\n<meta property=\"og:url\" content=\"https:\/\/www.dreamplaces.pt\/blog\/le-cowboy-bien-plus-qu-une-figure-legendaire-du-far-west\/\" \/>\n<meta property=\"og:site_name\" content=\"Blog\" \/>\n<meta property=\"article:published_time\" content=\"2025-01-08T16:46:29+00:00\" \/>\n<meta property=\"article:modified_time\" content=\"2025-11-24T12:50:41+00:00\" \/>\n<meta name=\"author\" content=\"dreamplaces\" \/>\n<meta name=\"twitter:card\" content=\"summary_large_image\" \/>\n<meta name=\"twitter:label1\" content=\"Written by\" \/>\n\t<meta name=\"twitter:data1\" content=\"dreamplaces\" \/>\n\t<meta name=\"twitter:label2\" content=\"Est. reading time\" \/>\n\t<meta name=\"twitter:data2\" content=\"5 minutos\" \/>\n<script type=\"application\/ld+json\" class=\"yoast-schema-graph\">{\"@context\":\"https:\\\/\\\/schema.org\",\"@graph\":[{\"@type\":\"Article\",\"@id\":\"https:\\\/\\\/www.dreamplaces.pt\\\/blog\\\/le-cowboy-bien-plus-qu-une-figure-legendaire-du-far-west\\\/#article\",\"isPartOf\":{\"@id\":\"https:\\\/\\\/www.dreamplaces.pt\\\/blog\\\/le-cowboy-bien-plus-qu-une-figure-legendaire-du-far-west\\\/\"},\"author\":{\"name\":\"dreamplaces\",\"@id\":\"https:\\\/\\\/www.dreamplaces.pt\\\/blog\\\/#\\\/schema\\\/person\\\/ad300a593f498b27cd1d9abaa4ee8e95\"},\"headline\":\"Le cowboy : bien plus qu\u2019une figure l\u00e9gendaire du Far West\",\"datePublished\":\"2025-01-08T16:46:29+00:00\",\"dateModified\":\"2025-11-24T12:50:41+00:00\",\"mainEntityOfPage\":{\"@id\":\"https:\\\/\\\/www.dreamplaces.pt\\\/blog\\\/le-cowboy-bien-plus-qu-une-figure-legendaire-du-far-west\\\/\"},\"wordCount\":1094,\"commentCount\":0,\"inLanguage\":\"pt-PT\",\"potentialAction\":[{\"@type\":\"CommentAction\",\"name\":\"Comment\",\"target\":[\"https:\\\/\\\/www.dreamplaces.pt\\\/blog\\\/le-cowboy-bien-plus-qu-une-figure-legendaire-du-far-west\\\/#respond\"]}]},{\"@type\":\"WebPage\",\"@id\":\"https:\\\/\\\/www.dreamplaces.pt\\\/blog\\\/le-cowboy-bien-plus-qu-une-figure-legendaire-du-far-west\\\/\",\"url\":\"https:\\\/\\\/www.dreamplaces.pt\\\/blog\\\/le-cowboy-bien-plus-qu-une-figure-legendaire-du-far-west\\\/\",\"name\":\"Le cowboy : bien plus qu\u2019une figure l\u00e9gendaire du Far West - Blog\",\"isPartOf\":{\"@id\":\"https:\\\/\\\/www.dreamplaces.pt\\\/blog\\\/#website\"},\"datePublished\":\"2025-01-08T16:46:29+00:00\",\"dateModified\":\"2025-11-24T12:50:41+00:00\",\"author\":{\"@id\":\"https:\\\/\\\/www.dreamplaces.pt\\\/blog\\\/#\\\/schema\\\/person\\\/ad300a593f498b27cd1d9abaa4ee8e95\"},\"breadcrumb\":{\"@id\":\"https:\\\/\\\/www.dreamplaces.pt\\\/blog\\\/le-cowboy-bien-plus-qu-une-figure-legendaire-du-far-west\\\/#breadcrumb\"},\"inLanguage\":\"pt-PT\",\"potentialAction\":[{\"@type\":\"ReadAction\",\"target\":[\"https:\\\/\\\/www.dreamplaces.pt\\\/blog\\\/le-cowboy-bien-plus-qu-une-figure-legendaire-du-far-west\\\/\"]}]},{\"@type\":\"BreadcrumbList\",\"@id\":\"https:\\\/\\\/www.dreamplaces.pt\\\/blog\\\/le-cowboy-bien-plus-qu-une-figure-legendaire-du-far-west\\\/#breadcrumb\",\"itemListElement\":[{\"@type\":\"ListItem\",\"position\":1,\"name\":\"In\u00edcio\",\"item\":\"https:\\\/\\\/www.dreamplaces.pt\\\/blog\\\/\"},{\"@type\":\"ListItem\",\"position\":2,\"name\":\"Le cowboy : bien plus qu\u2019une figure l\u00e9gendaire du Far West\"}]},{\"@type\":\"WebSite\",\"@id\":\"https:\\\/\\\/www.dreamplaces.pt\\\/blog\\\/#website\",\"url\":\"https:\\\/\\\/www.dreamplaces.pt\\\/blog\\\/\",\"name\":\"Blog\",\"description\":\"DreamPlaces\",\"potentialAction\":[{\"@type\":\"SearchAction\",\"target\":{\"@type\":\"EntryPoint\",\"urlTemplate\":\"https:\\\/\\\/www.dreamplaces.pt\\\/blog\\\/?s={search_term_string}\"},\"query-input\":{\"@type\":\"PropertyValueSpecification\",\"valueRequired\":true,\"valueName\":\"search_term_string\"}}],\"inLanguage\":\"pt-PT\"},{\"@type\":\"Person\",\"@id\":\"https:\\\/\\\/www.dreamplaces.pt\\\/blog\\\/#\\\/schema\\\/person\\\/ad300a593f498b27cd1d9abaa4ee8e95\",\"name\":\"dreamplaces\",\"image\":{\"@type\":\"ImageObject\",\"inLanguage\":\"pt-PT\",\"@id\":\"https:\\\/\\\/secure.gravatar.com\\\/avatar\\\/7da2d8d36777ab2a4d28702da0646305fa9d05e3feba993a42cb268185c532fd?s=96&d=mm&r=g\",\"url\":\"https:\\\/\\\/secure.gravatar.com\\\/avatar\\\/7da2d8d36777ab2a4d28702da0646305fa9d05e3feba993a42cb268185c532fd?s=96&d=mm&r=g\",\"contentUrl\":\"https:\\\/\\\/secure.gravatar.com\\\/avatar\\\/7da2d8d36777ab2a4d28702da0646305fa9d05e3feba993a42cb268185c532fd?s=96&d=mm&r=g\",\"caption\":\"dreamplaces\"},\"url\":\"https:\\\/\\\/www.dreamplaces.pt\\\/blog\\\/author\\\/dreamplaces\\\/\"}]}<\/script>\n<!-- \/ Yoast SEO plugin. -->","yoast_head_json":{"title":"Le cowboy : bien plus qu\u2019une figure l\u00e9gendaire du Far West - Blog","robots":{"index":"index","follow":"follow","max-snippet":"max-snippet:-1","max-image-preview":"max-image-preview:large","max-video-preview":"max-video-preview:-1"},"canonical":"https:\/\/www.dreamplaces.pt\/blog\/le-cowboy-bien-plus-qu-une-figure-legendaire-du-far-west\/","og_locale":"pt_PT","og_type":"article","og_title":"Le cowboy : bien plus qu\u2019une figure l\u00e9gendaire du Far West - Blog","og_description":"Origine culturelle am\u00e9ricaine : mythe et r\u00e9alit\u00e9 Le cowboy incarne une figure profond\u00e9ment ancr\u00e9e dans l\u2019imaginaire am\u00e9ricain, n\u00e9e \u00e0 la...","og_url":"https:\/\/www.dreamplaces.pt\/blog\/le-cowboy-bien-plus-qu-une-figure-legendaire-du-far-west\/","og_site_name":"Blog","article_published_time":"2025-01-08T16:46:29+00:00","article_modified_time":"2025-11-24T12:50:41+00:00","author":"dreamplaces","twitter_card":"summary_large_image","twitter_misc":{"Written by":"dreamplaces","Est. reading time":"5 minutos"},"schema":{"@context":"https:\/\/schema.org","@graph":[{"@type":"Article","@id":"https:\/\/www.dreamplaces.pt\/blog\/le-cowboy-bien-plus-qu-une-figure-legendaire-du-far-west\/#article","isPartOf":{"@id":"https:\/\/www.dreamplaces.pt\/blog\/le-cowboy-bien-plus-qu-une-figure-legendaire-du-far-west\/"},"author":{"name":"dreamplaces","@id":"https:\/\/www.dreamplaces.pt\/blog\/#\/schema\/person\/ad300a593f498b27cd1d9abaa4ee8e95"},"headline":"Le cowboy : bien plus qu\u2019une figure l\u00e9gendaire du Far West","datePublished":"2025-01-08T16:46:29+00:00","dateModified":"2025-11-24T12:50:41+00:00","mainEntityOfPage":{"@id":"https:\/\/www.dreamplaces.pt\/blog\/le-cowboy-bien-plus-qu-une-figure-legendaire-du-far-west\/"},"wordCount":1094,"commentCount":0,"inLanguage":"pt-PT","potentialAction":[{"@type":"CommentAction","name":"Comment","target":["https:\/\/www.dreamplaces.pt\/blog\/le-cowboy-bien-plus-qu-une-figure-legendaire-du-far-west\/#respond"]}]},{"@type":"WebPage","@id":"https:\/\/www.dreamplaces.pt\/blog\/le-cowboy-bien-plus-qu-une-figure-legendaire-du-far-west\/","url":"https:\/\/www.dreamplaces.pt\/blog\/le-cowboy-bien-plus-qu-une-figure-legendaire-du-far-west\/","name":"Le cowboy : bien plus qu\u2019une figure l\u00e9gendaire du Far West - Blog","isPartOf":{"@id":"https:\/\/www.dreamplaces.pt\/blog\/#website"},"datePublished":"2025-01-08T16:46:29+00:00","dateModified":"2025-11-24T12:50:41+00:00","author":{"@id":"https:\/\/www.dreamplaces.pt\/blog\/#\/schema\/person\/ad300a593f498b27cd1d9abaa4ee8e95"},"breadcrumb":{"@id":"https:\/\/www.dreamplaces.pt\/blog\/le-cowboy-bien-plus-qu-une-figure-legendaire-du-far-west\/#breadcrumb"},"inLanguage":"pt-PT","potentialAction":[{"@type":"ReadAction","target":["https:\/\/www.dreamplaces.pt\/blog\/le-cowboy-bien-plus-qu-une-figure-legendaire-du-far-west\/"]}]},{"@type":"BreadcrumbList","@id":"https:\/\/www.dreamplaces.pt\/blog\/le-cowboy-bien-plus-qu-une-figure-legendaire-du-far-west\/#breadcrumb","itemListElement":[{"@type":"ListItem","position":1,"name":"In\u00edcio","item":"https:\/\/www.dreamplaces.pt\/blog\/"},{"@type":"ListItem","position":2,"name":"Le cowboy : bien plus qu\u2019une figure l\u00e9gendaire du Far West"}]},{"@type":"WebSite","@id":"https:\/\/www.dreamplaces.pt\/blog\/#website","url":"https:\/\/www.dreamplaces.pt\/blog\/","name":"Blog","description":"DreamPlaces","potentialAction":[{"@type":"SearchAction","target":{"@type":"EntryPoint","urlTemplate":"https:\/\/www.dreamplaces.pt\/blog\/?s={search_term_string}"},"query-input":{"@type":"PropertyValueSpecification","valueRequired":true,"valueName":"search_term_string"}}],"inLanguage":"pt-PT"},{"@type":"Person","@id":"https:\/\/www.dreamplaces.pt\/blog\/#\/schema\/person\/ad300a593f498b27cd1d9abaa4ee8e95","name":"dreamplaces","image":{"@type":"ImageObject","inLanguage":"pt-PT","@id":"https:\/\/secure.gravatar.com\/avatar\/7da2d8d36777ab2a4d28702da0646305fa9d05e3feba993a42cb268185c532fd?s=96&d=mm&r=g","url":"https:\/\/secure.gravatar.com\/avatar\/7da2d8d36777ab2a4d28702da0646305fa9d05e3feba993a42cb268185c532fd?s=96&d=mm&r=g","contentUrl":"https:\/\/secure.gravatar.com\/avatar\/7da2d8d36777ab2a4d28702da0646305fa9d05e3feba993a42cb268185c532fd?s=96&d=mm&r=g","caption":"dreamplaces"},"url":"https:\/\/www.dreamplaces.pt\/blog\/author\/dreamplaces\/"}]}},"_links":{"self":[{"href":"https:\/\/www.dreamplaces.pt\/blog\/wp-json\/wp\/v2\/posts\/10947","targetHints":{"allow":["GET"]}}],"collection":[{"href":"https:\/\/www.dreamplaces.pt\/blog\/wp-json\/wp\/v2\/posts"}],"about":[{"href":"https:\/\/www.dreamplaces.pt\/blog\/wp-json\/wp\/v2\/types\/post"}],"author":[{"embeddable":true,"href":"https:\/\/www.dreamplaces.pt\/blog\/wp-json\/wp\/v2\/users\/2"}],"replies":[{"embeddable":true,"href":"https:\/\/www.dreamplaces.pt\/blog\/wp-json\/wp\/v2\/comments?post=10947"}],"version-history":[{"count":1,"href":"https:\/\/www.dreamplaces.pt\/blog\/wp-json\/wp\/v2\/posts\/10947\/revisions"}],"predecessor-version":[{"id":10948,"href":"https:\/\/www.dreamplaces.pt\/blog\/wp-json\/wp\/v2\/posts\/10947\/revisions\/10948"}],"wp:attachment":[{"href":"https:\/\/www.dreamplaces.pt\/blog\/wp-json\/wp\/v2\/media?parent=10947"}],"wp:term":[{"taxonomy":"category","embeddable":true,"href":"https:\/\/www.dreamplaces.pt\/blog\/wp-json\/wp\/v2\/categories?post=10947"},{"taxonomy":"post_tag","embeddable":true,"href":"https:\/\/www.dreamplaces.pt\/blog\/wp-json\/wp\/v2\/tags?post=10947"}],"curies":[{"name":"wp","href":"https:\/\/api.w.org\/{rel}","templated":true}]}}